{"id":13399,"date":"2023-03-23T09:58:20","date_gmt":"2023-03-23T08:58:20","guid":{"rendered":"https:\/\/www.aquaterra58.fr\/salsa\/?p=13399"},"modified":"2023-03-23T10:03:35","modified_gmt":"2023-03-23T09:03:35","slug":"la-cite-de-lemploi","status":"publish","type":"post","link":"https:\/\/www.aquaterra58.fr\/salsa\/la-cite-de-lemploi\/","title":{"rendered":"la Cit\u00e9 de l\u2019Emploi"},"content":{"rendered":"\t\t<div data-elementor-type=\"wp-post\" data-elementor-id=\"13399\" class=\"elementor elementor-13399\">\n\t\t\t\t\t\t\t\t\t<section class=\"elementor-section elementor-top-section elementor-element elementor-element-4746caee elementor-section-boxed elementor-section-height-default elementor-section-height-default\" data-id=\"4746caee\" data-element_type=\"section\" data-settings=\"{&quot;ashton_ext_is_background_parallax&quot;:&quot;false&quot;,&quot;ashton_ext_is_background_on_scroll&quot;:&quot;false&quot;}\">\n\t\t\t\t\t\t<div class=\"elementor-container elementor-column-gap-default\">\n\t\t\t\t\t<div class=\"elementor-column elementor-col-100 elementor-top-column elementor-element elementor-element-3399e914\" data-id=\"3399e914\" data-element_type=\"column\" data-settings=\"{&quot;ashton_ext_link_sidemenu&quot;:&quot;false&quot;,&quot;ashton_ext_link_fullmenu&quot;:&quot;false&quot;,&quot;ashton_ext_is_sticky&quot;:&quot;false&quot;,&quot;ashton_ext_is_scrollme&quot;:&quot;false&quot;,&quot;ashton_ext_is_smoove&quot;:&quot;false&quot;,&quot;ashton_ext_is_parallax_mouse&quot;:&quot;false&quot;,&quot;ashton_ext_is_infinite&quot;:&quot;false&quot;,&quot;ashton_ext_is_fadeout_animation&quot;:&quot;false&quot;}\">\n\t\t\t<div class=\"elementor-widget-wrap elementor-element-populated\">\n\t\t\t\t\t\t\t\t<div class=\"elementor-element elementor-element-5713663b elementor-widget elementor-widget-text-editor\" data-id=\"5713663b\" data-element_type=\"widget\" data-settings=\"{&quot;ashton_ext_link_sidemenu&quot;:&quot;false&quot;,&quot;ashton_ext_link_fullmenu&quot;:&quot;false&quot;,&quot;ashton_ext_is_sticky&quot;:&quot;false&quot;,&quot;ashton_ext_is_scrollme&quot;:&quot;false&quot;,&quot;ashton_ext_is_smoove&quot;:&quot;false&quot;,&quot;ashton_ext_is_parallax_mouse&quot;:&quot;false&quot;,&quot;ashton_ext_is_infinite&quot;:&quot;false&quot;,&quot;ashton_ext_is_fadeout_animation&quot;:&quot;false&quot;}\" data-widget_type=\"text-editor.default\">\n\t\t\t\t<div class=\"elementor-widget-container\">\n\t\t\t<style>\/*! elementor - v3.6.7 - 03-07-2022 *\/\n.elementor-widget-text-editor.elementor-drop-cap-view-stacked .elementor-drop-cap{background-color:#818a91;color:#fff}.elementor-widget-text-editor.elementor-drop-cap-view-framed .elementor-drop-cap{color:#818a91;border:3px solid;background-color:transparent}.elementor-widget-text-editor:not(.elementor-drop-cap-view-default) .elementor-drop-cap{margin-top:8px}.elementor-widget-text-editor:not(.elementor-drop-cap-view-default) .elementor-drop-cap-letter{width:1em;height:1em}.elementor-widget-text-editor .elementor-drop-cap{float:left;text-align:center;line-height:1;font-size:50px}.elementor-widget-text-editor .elementor-drop-cap-letter{display:inline-block}<\/style>\t\t\t\t<p><span style=\"font-weight: 400;\"><strong>Projet:<\/strong> <em>\u201crecrutons autrement, du sport vers l\u2019emploi\u201d\u00a0<\/em><\/span><\/p><p><span style=\"font-weight: 400;\">Le projet \u00ab Recrutons Autrement, du sport vers l\u2019emploi \u00bb a pour objectif de rep\u00e9rer, orienter et recruter des publics \u00e9loign\u00e9s de l&#8217;emploi en mettant en relation une activit\u00e9 sportive et les emplois pr\u00e9sent\u00e9s, tout en cr\u00e9ant du lien avec le public pour les accompagner \u00e0 construire leur projet professionnel. La finalit\u00e9 est l&rsquo;acc\u00e8s \u00e0 un emploi.\u00a0<\/span><\/p><p><span style=\"font-weight: 400;\">Pour cela, diff\u00e9rentes actions ont \u00e9t\u00e9 mises en place telles que la captation et l&rsquo;accompagnement d&rsquo;un collectif pour l&#8217;emmener \u00e0 r\u00e9aliser un d\u00e9fi sportif ainsi que la d\u00e9couverte et l&rsquo;initiation d&rsquo;une activit\u00e9 sportive pour valoriser les individus et faire le lien avec le milieu professionnel. Sans oublier le recrutement et l&rsquo;accompagnement d&rsquo;un parcours de professionnalisation dans le domaine du sport et de l&rsquo;animation.<\/span><\/p><p><span style=\"font-weight: 400;\">En d\u00e9cembre 2022, une r\u00e9union de quartier a \u00e9t\u00e9 organis\u00e9e en collaboration avec la cit\u00e9 de l&#8217;emploi pour cr\u00e9er une cohorte de 8 \u00e0 10 personnes afin de r\u00e9aliser le d\u00e9fi de nager en eau libre en juin prochain. Diff\u00e9rents partenaires tels que le centre social du Banlay, Pagode, l&rsquo;ambassadrice de proximit\u00e9 Mairie Nord et le GEIQ SALSA 58 ont particip\u00e9 \u00e0 cette r\u00e9union pour attirer des participants \u00e0 l&rsquo;info collective.\u00a0<\/span><\/p><p><span style=\"font-weight: 400;\">Pour r\u00e9aliser le d\u00e9fi, deux s\u00e9ances d&rsquo;une heure de natation seront propos\u00e9es \u00e0 partir de janvier, suivies d&rsquo;un temps d&rsquo;\u00e9change de trente minutes autour des m\u00e9tiers du sport, du secourisme, de l&rsquo;animation et des loisirs. L\u2019objectif sera d&rsquo;orienter et\/ou de guider les participants vers les formations professionnelles de cette branche.\u00a0<\/span><\/p><p><span style=\"font-weight: 400;\">Le collectif sera impliqu\u00e9 dans les \u00e9v\u00e9nements qui seront mis en place afin de favoriser leur participation et qu&rsquo;ils en parlent dans leur cercle d&rsquo;amis. Pour cela, des points r\u00e9guliers seront mis en place pour r\u00e9guler les actions co-construire, les objectifs du projet et \u00e9lire des repr\u00e9sentants pour la prise de parole.<\/span><\/p>\t\t\t\t\t\t<\/div>\n\t\t\t\t<\/div>\n\t\t\t\t\t<\/div>\n\t\t<\/div>\n\t\t\t\t\t\t\t<\/div>\n\t\t<\/section>\n\t\t\t\t\t\t\t<\/div>\n\t\t","protected":false},"excerpt":{"rendered":"<p>Projet: \u201crecrutons autrement, du sport vers l\u2019emploi\u201d\u00a0 Le projet \u00ab Recrutons Autrement, du sport vers l\u2019emploi \u00bb a pour objectif de rep\u00e9rer, orienter et recruter des publics \u00e9loign\u00e9s de l&#8217;emploi en mettant en relation une activit\u00e9 sportive et les emplois [&hellip;]<\/p>\n","protected":false},"author":1,"featured_media":12989,"comment_status":"closed","ping_status":"closed","sticky":false,"template":"","format":"standard","meta":{"_monsterinsights_skip_tracking":false,"_monsterinsights_sitenote_active":false,"_monsterinsights_sitenote_note":"","_monsterinsights_sitenote_category":0,"footnotes":""},"categories":[45],"tags":[],"class_list":["post-13399","post","type-post","status-publish","format-standard","has-post-thumbnail","hentry","category-info"],"aioseo_notices":[],"yoast_head":"<!-- This site is optimized with the Yoast SEO plugin v19.5.1 - https:\/\/yoast.com\/wordpress\/plugins\/seo\/ -->\n<title>la Cit\u00e9 de l\u2019Emploi - GEIQ Salsa 58<\/title>\n<meta name=\"robots\" content=\"index, follow, max-snippet:-1, max-image-preview:large, max-video-preview:-1\" \/>\n<link rel=\"canonical\" href=\"https:\/\/www.aquaterra58.fr\/salsa\/la-cite-de-lemploi\/\" \/>\n<meta property=\"og:locale\" content=\"fr_FR\" \/>\n<meta property=\"og:type\" content=\"article\" \/>\n<meta property=\"og:title\" content=\"la Cit\u00e9 de l\u2019Emploi - GEIQ Salsa 58\" \/>\n<meta property=\"og:description\" content=\"Projet: \u201crecrutons autrement, du sport vers l\u2019emploi\u201d\u00a0 Le projet \u00ab Recrutons Autrement, du sport vers l\u2019emploi \u00bb a pour objectif de rep\u00e9rer, orienter et recruter des publics \u00e9loign\u00e9s de l&#8217;emploi en mettant en relation une activit\u00e9 sportive et les emplois [&hellip;]\" \/>\n<meta property=\"og:url\" content=\"https:\/\/www.aquaterra58.fr\/salsa\/la-cite-de-lemploi\/\" \/>\n<meta property=\"og:site_name\" content=\"GEIQ Salsa 58\" \/>\n<meta property=\"article:publisher\" content=\"https:\/\/www.facebook.com\/GEIQ-SALSA-58-102889865695662\" \/>\n<meta property=\"article:published_time\" content=\"2023-03-23T08:58:20+00:00\" \/>\n<meta property=\"article:modified_time\" content=\"2023-03-23T09:03:35+00:00\" \/>\n<meta property=\"og:image\" content=\"https:\/\/www.aquaterra58.fr\/salsa\/wp-content\/uploads\/2022\/09\/pexels-andrea-piacquadio-3755440-scaled.jpg\" \/>\n\t<meta property=\"og:image:width\" content=\"2560\" \/>\n\t<meta property=\"og:image:height\" content=\"1707\" \/>\n\t<meta property=\"og:image:type\" content=\"image\/jpeg\" \/>\n<meta name=\"author\" content=\"mycom\" \/>\n<meta name=\"twitter:card\" content=\"summary_large_image\" \/>\n<meta name=\"twitter:label1\" content=\"\u00c9crit par\" \/>\n\t<meta name=\"twitter:data1\" content=\"mycom\" \/>\n\t<meta name=\"twitter:label2\" content=\"Dur\u00e9e de lecture estim\u00e9e\" \/>\n\t<meta name=\"twitter:data2\" content=\"2 minutes\" \/>\n<script type=\"application\/ld+json\" class=\"yoast-schema-graph\">{\"@context\":\"https:\/\/schema.org\",\"@graph\":[{\"@type\":\"Article\",\"@id\":\"https:\/\/www.aquaterra58.fr\/salsa\/la-cite-de-lemploi\/#article\",\"isPartOf\":{\"@id\":\"https:\/\/www.aquaterra58.fr\/salsa\/la-cite-de-lemploi\/\"},\"author\":{\"name\":\"mycom\",\"@id\":\"https:\/\/www.aquaterra58.fr\/salsa\/#\/schema\/person\/614149caa38e03313c5f8fb8922ce1e8\"},\"headline\":\"la Cit\u00e9 de l\u2019Emploi\",\"datePublished\":\"2023-03-23T08:58:20+00:00\",\"dateModified\":\"2023-03-23T09:03:35+00:00\",\"mainEntityOfPage\":{\"@id\":\"https:\/\/www.aquaterra58.fr\/salsa\/la-cite-de-lemploi\/\"},\"wordCount\":324,\"publisher\":{\"@id\":\"https:\/\/www.aquaterra58.fr\/salsa\/#organization\"},\"articleSection\":[\"Info\"],\"inLanguage\":\"fr-FR\"},{\"@type\":\"WebPage\",\"@id\":\"https:\/\/www.aquaterra58.fr\/salsa\/la-cite-de-lemploi\/\",\"url\":\"https:\/\/www.aquaterra58.fr\/salsa\/la-cite-de-lemploi\/\",\"name\":\"la Cit\u00e9 de l\u2019Emploi - GEIQ Salsa 58\",\"isPartOf\":{\"@id\":\"https:\/\/www.aquaterra58.fr\/salsa\/#website\"},\"datePublished\":\"2023-03-23T08:58:20+00:00\",\"dateModified\":\"2023-03-23T09:03:35+00:00\",\"breadcrumb\":{\"@id\":\"https:\/\/www.aquaterra58.fr\/salsa\/la-cite-de-lemploi\/#breadcrumb\"},\"inLanguage\":\"fr-FR\",\"potentialAction\":[{\"@type\":\"ReadAction\",\"target\":[\"https:\/\/www.aquaterra58.fr\/salsa\/la-cite-de-lemploi\/\"]}]},{\"@type\":\"BreadcrumbList\",\"@id\":\"https:\/\/www.aquaterra58.fr\/salsa\/la-cite-de-lemploi\/#breadcrumb\",\"itemListElement\":[{\"@type\":\"ListItem\",\"position\":1,\"name\":\"Accueil\",\"item\":\"https:\/\/www.aquaterra58.fr\/salsa\/\"},{\"@type\":\"ListItem\",\"position\":2,\"name\":\"la Cit\u00e9 de l\u2019Emploi\"}]},{\"@type\":\"WebSite\",\"@id\":\"https:\/\/www.aquaterra58.fr\/salsa\/#website\",\"url\":\"https:\/\/www.aquaterra58.fr\/salsa\/\",\"name\":\"GEIQ Salsa 58\",\"description\":\"La plus belle fa\u00e7on d&#039;embaucher !\",\"publisher\":{\"@id\":\"https:\/\/www.aquaterra58.fr\/salsa\/#organization\"},\"potentialAction\":[{\"@type\":\"SearchAction\",\"target\":{\"@type\":\"EntryPoint\",\"urlTemplate\":\"https:\/\/www.aquaterra58.fr\/salsa\/?s={search_term_string}\"},\"query-input\":\"required name=search_term_string\"}],\"inLanguage\":\"fr-FR\"},{\"@type\":\"Organization\",\"@id\":\"https:\/\/www.aquaterra58.fr\/salsa\/#organization\",\"name\":\"GEIQ Salsa 58\",\"url\":\"https:\/\/www.aquaterra58.fr\/salsa\/\",\"sameAs\":[\"https:\/\/www.linkedin.com\/company\/geiq-salsa-58\/\",\"https:\/\/www.facebook.com\/GEIQ-SALSA-58-102889865695662\"],\"logo\":{\"@type\":\"ImageObject\",\"inLanguage\":\"fr-FR\",\"@id\":\"https:\/\/www.aquaterra58.fr\/salsa\/#\/schema\/logo\/image\/\",\"url\":\"https:\/\/www.aquaterra58.fr\/salsa\/wp-content\/uploads\/2022\/08\/Logo-LinkedIn-et-Twitter.jpg\",\"contentUrl\":\"https:\/\/www.aquaterra58.fr\/salsa\/wp-content\/uploads\/2022\/08\/Logo-LinkedIn-et-Twitter.jpg\",\"width\":1667,\"height\":1667,\"caption\":\"GEIQ Salsa 58\"},\"image\":{\"@id\":\"https:\/\/www.aquaterra58.fr\/salsa\/#\/schema\/logo\/image\/\"}},{\"@type\":\"Person\",\"@id\":\"https:\/\/www.aquaterra58.fr\/salsa\/#\/schema\/person\/614149caa38e03313c5f8fb8922ce1e8\",\"name\":\"mycom\",\"sameAs\":[\"https:\/\/www.aquaterra58.fr\/salsa\"],\"url\":\"https:\/\/www.aquaterra58.fr\/salsa\/author\/mycom\/\"}]}<\/script>\n<!-- \/ Yoast SEO plugin. -->","yoast_head_json":{"title":"la Cit\u00e9 de l\u2019Emploi - GEIQ Salsa 58","robots":{"index":"index","follow":"follow","max-snippet":"max-snippet:-1","max-image-preview":"max-image-preview:large","max-video-preview":"max-video-preview:-1"},"canonical":"https:\/\/www.aquaterra58.fr\/salsa\/la-cite-de-lemploi\/","og_locale":"fr_FR","og_type":"article","og_title":"la Cit\u00e9 de l\u2019Emploi - GEIQ Salsa 58","og_description":"Projet: \u201crecrutons autrement, du sport vers l\u2019emploi\u201d\u00a0 Le projet \u00ab Recrutons Autrement, du sport vers l\u2019emploi \u00bb a pour objectif de rep\u00e9rer, orienter et recruter des publics \u00e9loign\u00e9s de l&#8217;emploi en mettant en relation une activit\u00e9 sportive et les emplois [&hellip;]","og_url":"https:\/\/www.aquaterra58.fr\/salsa\/la-cite-de-lemploi\/","og_site_name":"GEIQ Salsa 58","article_publisher":"https:\/\/www.facebook.com\/GEIQ-SALSA-58-102889865695662","article_published_time":"2023-03-23T08:58:20+00:00","article_modified_time":"2023-03-23T09:03:35+00:00","og_image":[{"width":2560,"height":1707,"url":"https:\/\/www.aquaterra58.fr\/salsa\/wp-content\/uploads\/2022\/09\/pexels-andrea-piacquadio-3755440-scaled.jpg","type":"image\/jpeg"}],"author":"mycom","twitter_card":"summary_large_image","twitter_misc":{"\u00c9crit par":"mycom","Dur\u00e9e de lecture estim\u00e9e":"2 minutes"},"schema":{"@context":"https:\/\/schema.org","@graph":[{"@type":"Article","@id":"https:\/\/www.aquaterra58.fr\/salsa\/la-cite-de-lemploi\/#article","isPartOf":{"@id":"https:\/\/www.aquaterra58.fr\/salsa\/la-cite-de-lemploi\/"},"author":{"name":"mycom","@id":"https:\/\/www.aquaterra58.fr\/salsa\/#\/schema\/person\/614149caa38e03313c5f8fb8922ce1e8"},"headline":"la Cit\u00e9 de l\u2019Emploi","datePublished":"2023-03-23T08:58:20+00:00","dateModified":"2023-03-23T09:03:35+00:00","mainEntityOfPage":{"@id":"https:\/\/www.aquaterra58.fr\/salsa\/la-cite-de-lemploi\/"},"wordCount":324,"publisher":{"@id":"https:\/\/www.aquaterra58.fr\/salsa\/#organization"},"articleSection":["Info"],"inLanguage":"fr-FR"},{"@type":"WebPage","@id":"https:\/\/www.aquaterra58.fr\/salsa\/la-cite-de-lemploi\/","url":"https:\/\/www.aquaterra58.fr\/salsa\/la-cite-de-lemploi\/","name":"la Cit\u00e9 de l\u2019Emploi - GEIQ Salsa 58","isPartOf":{"@id":"https:\/\/www.aquaterra58.fr\/salsa\/#website"},"datePublished":"2023-03-23T08:58:20+00:00","dateModified":"2023-03-23T09:03:35+00:00","breadcrumb":{"@id":"https:\/\/www.aquaterra58.fr\/salsa\/la-cite-de-lemploi\/#breadcrumb"},"inLanguage":"fr-FR","potentialAction":[{"@type":"ReadAction","target":["https:\/\/www.aquaterra58.fr\/salsa\/la-cite-de-lemploi\/"]}]},{"@type":"BreadcrumbList","@id":"https:\/\/www.aquaterra58.fr\/salsa\/la-cite-de-lemploi\/#breadcrumb","itemListElement":[{"@type":"ListItem","position":1,"name":"Accueil","item":"https:\/\/www.aquaterra58.fr\/salsa\/"},{"@type":"ListItem","position":2,"name":"la Cit\u00e9 de l\u2019Emploi"}]},{"@type":"WebSite","@id":"https:\/\/www.aquaterra58.fr\/salsa\/#website","url":"https:\/\/www.aquaterra58.fr\/salsa\/","name":"GEIQ Salsa 58","description":"La plus belle fa\u00e7on d&#039;embaucher !","publisher":{"@id":"https:\/\/www.aquaterra58.fr\/salsa\/#organization"},"potentialAction":[{"@type":"SearchAction","target":{"@type":"EntryPoint","urlTemplate":"https:\/\/www.aquaterra58.fr\/salsa\/?s={search_term_string}"},"query-input":"required name=search_term_string"}],"inLanguage":"fr-FR"},{"@type":"Organization","@id":"https:\/\/www.aquaterra58.fr\/salsa\/#organization","name":"GEIQ Salsa 58","url":"https:\/\/www.aquaterra58.fr\/salsa\/","sameAs":["https:\/\/www.linkedin.com\/company\/geiq-salsa-58\/","https:\/\/www.facebook.com\/GEIQ-SALSA-58-102889865695662"],"logo":{"@type":"ImageObject","inLanguage":"fr-FR","@id":"https:\/\/www.aquaterra58.fr\/salsa\/#\/schema\/logo\/image\/","url":"https:\/\/www.aquaterra58.fr\/salsa\/wp-content\/uploads\/2022\/08\/Logo-LinkedIn-et-Twitter.jpg","contentUrl":"https:\/\/www.aquaterra58.fr\/salsa\/wp-content\/uploads\/2022\/08\/Logo-LinkedIn-et-Twitter.jpg","width":1667,"height":1667,"caption":"GEIQ Salsa 58"},"image":{"@id":"https:\/\/www.aquaterra58.fr\/salsa\/#\/schema\/logo\/image\/"}},{"@type":"Person","@id":"https:\/\/www.aquaterra58.fr\/salsa\/#\/schema\/person\/614149caa38e03313c5f8fb8922ce1e8","name":"mycom","sameAs":["https:\/\/www.aquaterra58.fr\/salsa"],"url":"https:\/\/www.aquaterra58.fr\/salsa\/author\/mycom\/"}]}},"_links":{"self":[{"href":"https:\/\/www.aquaterra58.fr\/salsa\/wp-json\/wp\/v2\/posts\/13399","targetHints":{"allow":["GET"]}}],"collection":[{"href":"https:\/\/www.aquaterra58.fr\/salsa\/wp-json\/wp\/v2\/posts"}],"about":[{"href":"https:\/\/www.aquaterra58.fr\/salsa\/wp-json\/wp\/v2\/types\/post"}],"author":[{"embeddable":true,"href":"https:\/\/www.aquaterra58.fr\/salsa\/wp-json\/wp\/v2\/users\/1"}],"replies":[{"embeddable":true,"href":"https:\/\/www.aquaterra58.fr\/salsa\/wp-json\/wp\/v2\/comments?post=13399"}],"version-history":[{"count":5,"href":"https:\/\/www.aquaterra58.fr\/salsa\/wp-json\/wp\/v2\/posts\/13399\/revisions"}],"predecessor-version":[{"id":13404,"href":"https:\/\/www.aquaterra58.fr\/salsa\/wp-json\/wp\/v2\/posts\/13399\/revisions\/13404"}],"wp:featuredmedia":[{"embeddable":true,"href":"https:\/\/www.aquaterra58.fr\/salsa\/wp-json\/wp\/v2\/media\/12989"}],"wp:attachment":[{"href":"https:\/\/www.aquaterra58.fr\/salsa\/wp-json\/wp\/v2\/media?parent=13399"}],"wp:term":[{"taxonomy":"category","embeddable":true,"href":"https:\/\/www.aquaterra58.fr\/salsa\/wp-json\/wp\/v2\/categories?post=13399"},{"taxonomy":"post_tag","embeddable":true,"href":"https:\/\/www.aquaterra58.fr\/salsa\/wp-json\/wp\/v2\/tags?post=13399"}],"curies":[{"name":"wp","href":"https:\/\/api.w.org\/{rel}","templated":true}]}}